{"id":416,"date":"2013-09-11T09:20:22","date_gmt":"2013-09-11T09:20:22","guid":{"rendered":"<p style=\"padding-left: 30px;\"><img class=\"size-full wp-image-419 alignleft\" title=\"zaproszenie_na_swieto_info2\" src=\"https:\/\/lodzbaluty.zhp.pl\/wp-content\/uploads\/2013\/09\/zaproszenie_na_swieto_info2.jpg\" alt=\"\" width=\"427\" height=\"622\" \/><\/p>\r\n&nbsp;\r\n<p "},"modified":"2013-09-11T09:34:43","modified_gmt":"2013-09-11T09:34:43","slug":"zaproszenie-na-swieto-choragwi","status":"publish","type":"post","link":"https:\/\/lodzbaluty.zhp.pl\/?p=416","title":{"rendered":"Zaproszenie na Swieto Choragwi"},"content":{"rendered":"<p style=\"padding-left: 30px;\"><img decoding=\"async\" loading=\"lazy\" class=\"size-full wp-image-419 alignleft\" title=\"zaproszenie_na_swieto_info2\" src=\"https:\/\/lodzbaluty.zhp.pl\/wp-content\/uploads\/2013\/09\/zaproszenie_na_swieto_info2.jpg\" alt=\"\" width=\"427\" height=\"622\" srcset=\"https:\/\/lodzbaluty.zhp.pl\/wp-content\/uploads\/2013\/09\/zaproszenie_na_swieto_info2.jpg 744w, https:\/\/lodzbaluty.zhp.pl\/wp-content\/uploads\/2013\/09\/zaproszenie_na_swieto_info2-205x300.jpg 205w, https:\/\/lodzbaluty.zhp.pl\/wp-content\/uploads\/2013\/09\/zaproszenie_na_swieto_info2-702x1024.jpg 702w, https:\/\/lodzbaluty.zhp.pl\/wp-content\/uploads\/2013\/09\/zaproszenie_na_swieto_info2-650x947.jpg 650w\" sizes=\"(max-width: 427px) 100vw, 427px\" \/><\/p>\n<p>&nbsp;<\/p>\n<p style=\"padding-left: 30px;\"><span style=\"color: #ffff00;\">Podczas \u015awi\u0119ta Chor\u0105gwi \u0141\u00f3dzkiej 2013 odb\u0119dzie si\u0119 jako impreza towarzysz\u0105ca konferencja instruktorska pt. \u201eAleksander Kami\u0144ski \u2013 wczoraj, dzi\u015b i jutro\u201d.<\/span><\/p>\n<p style=\"padding-left: 30px;\"><span style=\"color: #0000ff;\"><a href=\"https:\/\/lodzbaluty.zhp.pl\/wp-content\/uploads\/2013\/09\/Swieto-CHL_konf_instruktorska1.pdf\"><span style=\"color: #0000ff;\">Tutaj mo\u017cna pobra\u0107 szczeg\u00f3\u0142y konferencji<\/span><\/a><\/span><\/p>\n<p>&nbsp;<\/p>\n<p>&nbsp;<\/p>\n<p>&nbsp;<\/p>\n","protected":false},"excerpt":{"rendered":"<p>&nbsp; Podczas \u015awi\u0119ta Chor\u0105gwi \u0141\u00f3dzkiej 2013 odb\u0119dzie si\u0119 jako impreza towarzysz\u0105ca konferencja instruktorska pt. \u201eAleksander Kami\u0144ski \u2013 wczoraj, dzi\u015b i jutro\u201d. Tutaj mo\u017cna pobra\u0107 szczeg\u00f3\u0142y konferencji &nbsp; &nbsp; &nbsp;<\/p>\n","protected":false},"author":2,"featured_media":425,"comment_status":"closed","ping_status":"closed","sticky":false,"template":"","format":"standard","meta":[],"categories":[1],"tags":[],"_links":{"self":[{"href":"https:\/\/lodzbaluty.zhp.pl\/index.php?rest_route=\/wp\/v2\/posts\/416"}],"collection":[{"href":"https:\/\/lodzbaluty.zhp.pl\/index.php?rest_route=\/wp\/v2\/posts"}],"about":[{"href":"https:\/\/lodzbaluty.zhp.pl\/index.php?rest_route=\/wp\/v2\/types\/post"}],"author":[{"embeddable":true,"href":"https:\/\/lodzbaluty.zhp.pl\/index.php?rest_route=\/wp\/v2\/users\/2"}],"replies":[{"embeddable":true,"href":"https:\/\/lodzbaluty.zhp.pl\/index.php?rest_route=%2Fwp%2Fv2%2Fcomments&post=416"}],"version-history":[{"count":10,"href":"https:\/\/lodzbaluty.zhp.pl\/index.php?rest_route=\/wp\/v2\/posts\/416\/revisions"}],"predecessor-version":[{"id":432,"href":"https:\/\/lodzbaluty.zhp.pl\/index.php?rest_route=\/wp\/v2\/posts\/416\/revisions\/432"}],"wp:featuredmedia":[{"embeddable":true,"href":"https:\/\/lodzbaluty.zhp.pl\/index.php?rest_route=\/wp\/v2\/media\/425"}],"wp:attachment":[{"href":"https:\/\/lodzbaluty.zhp.pl\/index.php?rest_route=%2Fwp%2Fv2%2Fmedia&parent=416"}],"wp:term":[{"taxonomy":"category","embeddable":true,"href":"https:\/\/lodzbaluty.zhp.pl\/index.php?rest_route=%2Fwp%2Fv2%2Fcategories&post=416"},{"taxonomy":"post_tag","embeddable":true,"href":"https:\/\/lodzbaluty.zhp.pl\/index.php?rest_route=%2Fwp%2Fv2%2Ftags&post=416"}],"curies":[{"name":"wp","href":"https:\/\/api.w.org\/{rel}","templated":true}]}}