{"id":3301,"date":"2023-08-06T20:20:52","date_gmt":"2023-08-06T19:20:52","guid":{"rendered":"https:\/\/lodzbaluty.zhp.pl\/?p=3301"},"modified":"2023-08-06T20:26:31","modified_gmt":"2023-08-06T19:26:31","slug":"nasz-druh-odszedl-na-wieczna-warte","status":"publish","type":"post","link":"https:\/\/lodzbaluty.zhp.pl\/?p=3301","title":{"rendered":"Nasz Druh odszed\u0142 na wieczn\u0105 wart\u0119"},"content":{"rendered":"\n<p>W dniu 3 sierpnia 2023 r. na Wieczn\u0105 Wart\u0119 odszed\u0142 Druh hm. Janusz K\u0119dzierski. S\u0142u\u017cy\u0142 w&nbsp;ZHP od 1956 roku w \u015brodowisku Szczepu \u201ePsary\u201d. Przez dziesi\u0105tki lat by\u0142 czynnym harcerzem i&nbsp;instruktorem naszego Hufca b\u0119d\u0105c cz\u0142onkiem Kwatermistrzostwa. Wielokrotnie pe\u0142ni\u0142 funkcje podczas Harcerskiej Akcji Letniej \u2013 pami\u0119tamy go jako niezawodnego kwatermistrza, kierowc\u0119 i zaopatrzeniowca. W ci\u0105gu roku bra\u0142 udzia\u0142 w naprawach hufcowych samochod\u00f3w i wyjazdach kwatermistrzowskich do naszych baz obozowych. W&nbsp;2015 roku zosta\u0142 odznaczony Z\u0142ot\u0105 Odznak\u0105 za Zas\u0142ugi dla Hufca \u201ePromienistych\u201d, by\u0142 jednym z instruktor\u00f3w o najd\u0142u\u017cszym sta\u017cu pracy na rzecz harcerstwa na Ba\u0142utach. Dla wielu z nas stanowi\u0142 nieod\u0142\u0105czn\u0105 cz\u0119\u015b\u0107 zespo\u0142u kwatermistrzowskiego.<\/p>\n\n\n\n<p>Z g\u0142\u0119bokim \u017calem \u017cegnamy dh. Janusza, b\u0119dzie nam bardzo brakowa\u0107 jego zachrypni\u0119tego, ciep\u0142ego g\u0142osu i szczerego u\u015bmiechu.<\/p>\n\n\n\n<p>Komendantka Hufca wyda\u0142a Rozkaz Specjalny L 1\/2023 wprowadzaj\u0105cy \u017ca\u0142ob\u0119 do dnia pogrzebu, kt\u00f3ry odb\u0119dzie si\u0119 9 sierpnia 2023 o godz. 10:30 na Cmentarzu Rzymskokatolickim pw. \u015bw. Wojciecha przy ul. Kurczaki 81 w \u0141odzi.<\/p>\n\n\n\n<figure class=\"is-layout-flex wp-block-gallery-1 wp-block-gallery has-nested-images columns-default is-cropped\">\n<figure class=\"wp-block-image size-full\"><a href=\"https:\/\/lodzbaluty.zhp.pl\/wp-content\/uploads\/2023\/08\/Janusz-Kedzierski-1.jpg\"><img decoding=\"async\" loading=\"lazy\" width=\"241\" height=\"427\" data-id=\"3305\"  src=\"https:\/\/lodzbaluty.zhp.pl\/wp-content\/uploads\/2023\/08\/Janusz-Kedzierski-1.jpg\" alt=\"\" class=\"wp-image-3305\" srcset=\"https:\/\/lodzbaluty.zhp.pl\/wp-content\/uploads\/2023\/08\/Janusz-Kedzierski-1.jpg 241w, https:\/\/lodzbaluty.zhp.pl\/wp-content\/uploads\/2023\/08\/Janusz-Kedzierski-1-169x300.jpg 169w\" sizes=\"(max-width: 241px) 100vw, 241px\" \/><\/a><figcaption class=\"wp-element-caption\">Na Zje\u017adzie Hufca<\/figcaption><\/figure>\n\n\n\n<figure class=\"wp-block-image size-large\"><a href=\"https:\/\/lodzbaluty.zhp.pl\/wp-content\/uploads\/2023\/08\/Kedzierski-2.jpg\"><img decoding=\"async\" loading=\"lazy\" width=\"678\" height=\"1024\" data-id=\"3303\"  src=\"https:\/\/lodzbaluty.zhp.pl\/wp-content\/uploads\/2023\/08\/Kedzierski-2-678x1024.jpg\" alt=\"\" class=\"wp-image-3303\" srcset=\"https:\/\/lodzbaluty.zhp.pl\/wp-content\/uploads\/2023\/08\/Kedzierski-2-678x1024.jpg 678w, https:\/\/lodzbaluty.zhp.pl\/wp-content\/uploads\/2023\/08\/Kedzierski-2-199x300.jpg 199w, https:\/\/lodzbaluty.zhp.pl\/wp-content\/uploads\/2023\/08\/Kedzierski-2-768x1160.jpg 768w, https:\/\/lodzbaluty.zhp.pl\/wp-content\/uploads\/2023\/08\/Kedzierski-2-1017x1536.jpg 1017w, https:\/\/lodzbaluty.zhp.pl\/wp-content\/uploads\/2023\/08\/Kedzierski-2.jpg 1080w\" sizes=\"(max-width: 678px) 100vw, 678px\" \/><\/a><figcaption class=\"wp-element-caption\">Na Jubileuszu Hufca w 2015 r.<\/figcaption><\/figure>\n\n\n\n<figure class=\"wp-block-image size-large\"><a href=\"https:\/\/lodzbaluty.zhp.pl\/wp-content\/uploads\/2023\/08\/Kedzierski-3.jpg\"><img decoding=\"async\" loading=\"lazy\" width=\"480\" height=\"640\" data-id=\"3304\"  src=\"https:\/\/lodzbaluty.zhp.pl\/wp-content\/uploads\/2023\/08\/Kedzierski-3.jpg\" alt=\"\" class=\"wp-image-3304\" srcset=\"https:\/\/lodzbaluty.zhp.pl\/wp-content\/uploads\/2023\/08\/Kedzierski-3.jpg 480w, https:\/\/lodzbaluty.zhp.pl\/wp-content\/uploads\/2023\/08\/Kedzierski-3-225x300.jpg 225w\" sizes=\"(max-width: 480px) 100vw, 480px\" \/><\/a><figcaption class=\"wp-element-caption\">Na kwaterce w \u015awi\u0119tou\u015bciu<\/figcaption><\/figure>\n<\/figure>\n","protected":false},"excerpt":{"rendered":"<p>W dniu 3 sierpnia 2023 r. na Wieczn\u0105 Wart\u0119 odszed\u0142 Druh hm. Janusz K\u0119dzierski. S\u0142u\u017cy\u0142 w\u00a0ZHP od 1956 roku, przez dziesi\u0105tki lat by\u0142 czynnym harcerzem i\u00a0instruktorem naszego Hufca b\u0119d\u0105c cz\u0142onkiem Kwatermistrzostwa. Wielokrotnie pe\u0142ni\u0142 funkcje podczas Harcerskiej Akcji Letniej \u2013 pami\u0119tamy go jako niezawodnego kwatermistrza, kierowc\u0119 i zaopatrzeniowca.<\/p>\n","protected":false},"author":18,"featured_media":3308,"comment_status":"closed","ping_status":"closed","sticky":false,"template":"","format":"standard","meta":[],"categories":[1],"tags":[],"_links":{"self":[{"href":"https:\/\/lodzbaluty.zhp.pl\/index.php?rest_route=\/wp\/v2\/posts\/3301"}],"collection":[{"href":"https:\/\/lodzbaluty.zhp.pl\/index.php?rest_route=\/wp\/v2\/posts"}],"about":[{"href":"https:\/\/lodzbaluty.zhp.pl\/index.php?rest_route=\/wp\/v2\/types\/post"}],"author":[{"embeddable":true,"href":"https:\/\/lodzbaluty.zhp.pl\/index.php?rest_route=\/wp\/v2\/users\/18"}],"replies":[{"embeddable":true,"href":"https:\/\/lodzbaluty.zhp.pl\/index.php?rest_route=%2Fwp%2Fv2%2Fcomments&post=3301"}],"version-history":[{"count":3,"href":"https:\/\/lodzbaluty.zhp.pl\/index.php?rest_route=\/wp\/v2\/posts\/3301\/revisions"}],"predecessor-version":[{"id":3311,"href":"https:\/\/lodzbaluty.zhp.pl\/index.php?rest_route=\/wp\/v2\/posts\/3301\/revisions\/3311"}],"wp:featuredmedia":[{"embeddable":true,"href":"https:\/\/lodzbaluty.zhp.pl\/index.php?rest_route=\/wp\/v2\/media\/3308"}],"wp:attachment":[{"href":"https:\/\/lodzbaluty.zhp.pl\/index.php?rest_route=%2Fwp%2Fv2%2Fmedia&parent=3301"}],"wp:term":[{"taxonomy":"category","embeddable":true,"href":"https:\/\/lodzbaluty.zhp.pl\/index.php?rest_route=%2Fwp%2Fv2%2Fcategories&post=3301"},{"taxonomy":"post_tag","embeddable":true,"href":"https:\/\/lodzbaluty.zhp.pl\/index.php?rest_route=%2Fwp%2Fv2%2Ftags&post=3301"}],"curies":[{"name":"wp","href":"https:\/\/api.w.org\/{rel}","templated":true}]}}