{"id":2508,"date":"2019-05-01T20:25:52","date_gmt":"2019-05-01T19:25:52","guid":{"rendered":"<!-- wp:heading -->\n<h2>W imieniu m\u0142odej pary zapraszamy na \u015blub dh. Dominiki Adamus i Macieja Czy\u017cewskiego.<br>Uroczysto\u015b\u0107 odb\u0119dzie si\u0119 w dniu 11 maja b.r. w Ko\u015bciele \u015bw. Antoniego w \u0141odzi (ul.  \u015bw. Antoniego Padewskiego 4) o godzinie 17:00.  <\/h2>\n<!-- "},"modified":"2019-05-01T20:25:54","modified_gmt":"2019-05-01T19:25:54","slug":"zaproszenie-na-slub","status":"publish","type":"post","link":"https:\/\/lodzbaluty.zhp.pl\/?p=2508","title":{"rendered":"Zaproszenie na \u015blub"},"content":{"rendered":"\n<h2>W imieniu m\u0142odej pary zapraszamy na \u015blub dh. Dominiki Adamus i Macieja Czy\u017cewskiego.<br>Uroczysto\u015b\u0107 odb\u0119dzie si\u0119 w dniu 11 maja b.r. w Ko\u015bciele \u015bw. Antoniego w \u0141odzi (ul.  \u015bw. Antoniego Padewskiego 4) o godzinie 17:00.  <\/h2>\n\n\n\n<figure class=\"wp-block-image\"><img decoding=\"async\" loading=\"lazy\" width=\"694\" height=\"496\" src=\"https:\/\/lodzbaluty.zhp.pl\/wp-content\/uploads\/2019\/05\/IMG_0524.jpg\" alt=\"\" class=\"wp-image-2509\" srcset=\"https:\/\/lodzbaluty.zhp.pl\/wp-content\/uploads\/2019\/05\/IMG_0524.jpg 694w, https:\/\/lodzbaluty.zhp.pl\/wp-content\/uploads\/2019\/05\/IMG_0524-300x214.jpg 300w\" sizes=\"(max-width: 694px) 100vw, 694px\" \/><\/figure>\n\n\n\n<figure class=\"wp-block-image\"><img decoding=\"async\" loading=\"lazy\" width=\"811\" height=\"407\" src=\"https:\/\/lodzbaluty.zhp.pl\/wp-content\/uploads\/2019\/05\/IMG_0525.jpg\" alt=\"\" class=\"wp-image-2510\" srcset=\"https:\/\/lodzbaluty.zhp.pl\/wp-content\/uploads\/2019\/05\/IMG_0525.jpg 811w, https:\/\/lodzbaluty.zhp.pl\/wp-content\/uploads\/2019\/05\/IMG_0525-300x151.jpg 300w, https:\/\/lodzbaluty.zhp.pl\/wp-content\/uploads\/2019\/05\/IMG_0525-768x385.jpg 768w\" sizes=\"(max-width: 811px) 100vw, 811px\" \/><\/figure>\n","protected":false},"excerpt":{"rendered":"<p>W imieniu m\u0142odej pary zapraszamy na \u015blub dh. Dominiki Adamus i Macieja Czy\u017cewskiego.Uroczysto\u015b\u0107 odb\u0119dzie si\u0119 w dniu 11 maja b.r. w Ko\u015bciele \u015bw. Antoniego w \u0141odzi (ul. \u015bw. Antoniego Padewskiego 4) o godzinie 17:00.<\/p>\n","protected":false},"author":17,"featured_media":2509,"comment_status":"closed","ping_status":"closed","sticky":false,"template":"","format":"standard","meta":[],"categories":[1],"tags":[],"_links":{"self":[{"href":"https:\/\/lodzbaluty.zhp.pl\/index.php?rest_route=\/wp\/v2\/posts\/2508"}],"collection":[{"href":"https:\/\/lodzbaluty.zhp.pl\/index.php?rest_route=\/wp\/v2\/posts"}],"about":[{"href":"https:\/\/lodzbaluty.zhp.pl\/index.php?rest_route=\/wp\/v2\/types\/post"}],"author":[{"embeddable":true,"href":"https:\/\/lodzbaluty.zhp.pl\/index.php?rest_route=\/wp\/v2\/users\/17"}],"replies":[{"embeddable":true,"href":"https:\/\/lodzbaluty.zhp.pl\/index.php?rest_route=%2Fwp%2Fv2%2Fcomments&post=2508"}],"version-history":[{"count":1,"href":"https:\/\/lodzbaluty.zhp.pl\/index.php?rest_route=\/wp\/v2\/posts\/2508\/revisions"}],"predecessor-version":[{"id":2511,"href":"https:\/\/lodzbaluty.zhp.pl\/index.php?rest_route=\/wp\/v2\/posts\/2508\/revisions\/2511"}],"wp:featuredmedia":[{"embeddable":true,"href":"https:\/\/lodzbaluty.zhp.pl\/index.php?rest_route=\/wp\/v2\/media\/2509"}],"wp:attachment":[{"href":"https:\/\/lodzbaluty.zhp.pl\/index.php?rest_route=%2Fwp%2Fv2%2Fmedia&parent=2508"}],"wp:term":[{"taxonomy":"category","embeddable":true,"href":"https:\/\/lodzbaluty.zhp.pl\/index.php?rest_route=%2Fwp%2Fv2%2Fcategories&post=2508"},{"taxonomy":"post_tag","embeddable":true,"href":"https:\/\/lodzbaluty.zhp.pl\/index.php?rest_route=%2Fwp%2Fv2%2Ftags&post=2508"}],"curies":[{"name":"wp","href":"https:\/\/api.w.org\/{rel}","templated":true}]}}