{"id":1305,"date":"2016-02-27T00:07:42","date_gmt":"2016-02-27T00:07:42","guid":{"rendered":"<span style=\"color: #000000;\"><strong>Znane s\u0105 ju\u017c terminy wyjazdu \u015brodowisk z naszego Hufca na obozy i kolonie w wakacje 2016 roku. Poni\u017cej przedstawiamy miejsca i terminy w jakich dane \u015brodowiska pojad\u0105 na ob\u00f3z:<\/strong><\/span>\r\n\r\n<hr \/>\r\n\r\n&nbsp;\r\n\r\n&n"},"modified":"2016-03-12T23:50:45","modified_gmt":"2016-03-12T23:50:45","slug":"hal-2016-w-naszym-hufcu","status":"publish","type":"post","link":"https:\/\/lodzbaluty.zhp.pl\/?p=1305","title":{"rendered":"HAL 2016 w naszym Hufcu"},"content":{"rendered":"<p><span style=\"color: #000000;\"><strong>Znane s\u0105 ju\u017c terminy wyjazdu \u015brodowisk z naszego Hufca na obozy i kolonie w wakacje 2016 roku. Poni\u017cej przedstawiamy miejsca i terminy w jakich dane \u015brodowiska pojad\u0105 na ob\u00f3z:<\/strong><\/span><\/p>\n<hr \/>\n<p>&nbsp;<\/p>\n<p>&nbsp;<\/p>\n<p><span style=\"color: #000000;\"><strong>Dru\u017cyny Harcerskie ze Szczep\u00f3w Harcerskich (SH) im. Bohater\u00f3w Warszawy, SH &#8222;Gniazdo&#8221;, SH &#8222;Puszcza&#8221;, SH &#8222;Szare Szeregi&#8221; (wraz z Gromad\u0105 &#8222;Dzielne Smerfiki&#8221;)<\/strong><\/span><\/p>\n<p><span style=\"color: #000000;\"><strong>Baza Obozowa Hufca \u0141\u00f3d\u017a-Polesie <a style=\"color: #000000;\" href=\"http:\/\/bazy.lodzpolesie.zhp.pl\/tuczno\/\">TUCZNO<\/a>, 2-23 lipca<\/strong><\/span><\/p>\n<p><span style=\"color: #000000;\"><strong>\u00a0KOSZT: (Harcerze): 1190 z\u0142, <\/strong><\/span><\/p>\n<p><span style=\"color: #000000;\"><strong>\u00a0\u00a0\u00a0\u00a0\u00a0\u00a0\u00a0\u00a0\u00a0\u00a0\u00a0\u00a0\u00a0\u00a0\u00a0\u00a0\u00a0 (Zuchy): 1260 z\u0142<\/strong><\/span><\/p>\n<hr \/>\n<p>&nbsp;<\/p>\n<p><span style=\"color: #000000;\"><strong>Aleksandrowska Gromada Zuchowa &#8222;B\u0142yszcz\u0105ce Gwiazdeczki&#8221;, \u0141\u00f3dzka Gromada Zuchowa (\u0141GZ) &#8222;Biedronki&#8221;, \u0141GZ &#8222;Pracowite Pszcz\u00f3\u0142ki&#8221;, \u0141GZ &#8222;Promienne Duchy&#8221;, \u0141GZ &#8222;Przyjaciele Kubusia Puchatka&#8221;, \u0141GZ &#8222;Rozbrykane Iskierki&#8221;, 55 \u0141GZ &#8222;S\u0142oneczne Promyki&#8221;, 166 \u0141GZ &#8222;S\u0142oneczne Promyki&#8221; oraz dru\u017cyny harcerskie ze Szczepu Harcerskiego &#8222;Zarzewie&#8221; w Aleksandrowie \u0141\u00f3dzkim<\/strong><\/span><\/p>\n<p><span style=\"color: #000000;\"><strong>Baza Kolonijna Hufca \u0141\u00f3d\u017a-Ba\u0142uty <a style=\"color: #000000;\" href=\"https:\/\/lodzbaluty.zhp.pl\/bazy\/swinfo.html\">\u015aWI\u0118TOU\u015a\u0106<\/a>, 15-31 lipca<\/strong><\/span><\/p>\n<p><span style=\"color: #000000;\"><strong>\u00a0KOSZT: (zuchy) 1390 z\u0142<\/strong><\/span><\/p>\n<p><span style=\"color: #000000;\"><strong>\u00a0\u00a0\u00a0\u00a0\u00a0\u00a0\u00a0\u00a0\u00a0\u00a0\u00a0\u00a0\u00a0\u00a0\u00a0\u00a0 (harcerze): W trakcie ustalania <\/strong><\/span><\/p>\n<hr \/>\n<p>&nbsp;<\/p>\n<p><strong><span style=\"color: #000000;\">Dru\u017cyny Harcerskie ze Szczepu Harcerskiego &#8222;Za torem&#8221;<\/span><\/strong><\/p>\n<p><strong><span style=\"color: #000000;\">Udzia\u0142 w<a style=\"color: #000000;\" href=\"http:\/\/odkrywcy.zhp.pl\/\"> Rajdzie Odkrywc\u00f3w<\/a>, 3-7 lipca<\/span><\/strong><\/p>\n<p><span style=\"color: #000000;\"><strong>KOSZT: 250 z\u0142<\/strong><\/span><\/p>\n<p><span style=\"color: #000000;\"><strong>\u00a0<\/strong><\/span><\/p>\n<p><span style=\"color: #000000;\"><strong>917 \u0141DH-rzy i 917 \u0141DH-ek<\/strong><\/span><\/p>\n<p><span style=\"color: #000000;\"><strong>Baza Obozowa Hufca \u0141\u00f3d\u017a-Polesie <a style=\"color: #000000;\" href=\"http:\/\/bazy.lodzpolesie.zhp.pl\/tuczno\/\">TUCZNO<\/a>, 8-23 lipca<\/strong><\/span><\/p>\n<p><span style=\"color: #000000;\"><strong>\u00a0KOSZT: 750 z\u0142<br \/>\n<\/strong><\/span><\/p>\n<p>&nbsp;<\/p>\n<p><span style=\"color: #000000;\"><strong>217 \u0141WDH-ek<\/strong><\/span><\/p>\n<p><span style=\"color: #000000;\"><strong>Rejs \u017ceglarski po Zalewie Koronowskim, 8-23 lipca<\/strong><\/span><\/p>\n<p><span style=\"color: #000000;\"><strong>KOSZT: W trakcie ustalania<\/strong><\/span><\/p>\n<hr \/>\n<p>&nbsp;<\/p>\n<p><span style=\"color: #000000;\"><strong>\u0141\u00f3dzka Gromada Zuchowa (\u0141GZ) &#8222;Bystre Orl\u0119ta, \u0141GZ &#8222;Weso\u0142e i Zielone Skrzaty&#8221;, \u0141GZ &#8222;Weso\u0142e Ogniki&#8221;<\/strong><\/span><\/p>\n<p><span style=\"color: #000000;\"><strong>Baza Kolonijna Hufca \u0141\u00f3d\u017a-Ba\u0142uty <a style=\"color: #000000;\" href=\"https:\/\/lodzbaluty.zhp.pl\/bazy\/swinfo.html\">\u015aWI\u0118TOU\u015a\u0106<\/a>, 1-14 sierpnia<\/strong><\/span><\/p>\n<p><span style=\"color: #000000;\"><strong>\u00a0KOSZT: 1150 z\u0142<\/strong><\/span><\/p>\n<hr \/>\n<p><span style=\"color: #000000;\"><strong>Dru\u017cyny Harcerskie ze Szczepu Harcerskiego &#8222;Pegaz&#8221;<\/strong><\/span><\/p>\n<p><span style=\"color: #000000;\"><strong>Harcerska Baza Obozowa <a style=\"color: #000000;\" href=\"http:\/\/nasiczne.bieszczady.pl\/\">NASICZNE<\/a>, 4-24 lipca<\/strong><\/span><\/p>\n<p><span style=\"color: #000000;\"><strong>KOSZT: 1200 z\u0142<br \/>\n<\/strong><\/span><\/p>\n<p>&nbsp;<\/p>\n<hr \/>\n<p><span style=\"color: #000000;\"><strong>Dru\u017cyny Harcerskie ze Szczepu Harcerskiego &#8222;Pasieka&#8221;<\/strong><\/span><\/p>\n<p><span style=\"color: #000000;\"><strong>Informacje wkr\u00f3tce<\/strong> <\/span><\/p>\n<p><a href=\"https:\/\/lodzbaluty.zhp.pl\/wp-content\/uploads\/2016\/02\/Harcerskie-Lato-500x500.png\"><img decoding=\"async\" loading=\"lazy\" class=\" size-full wp-image-1307 aligncenter\" src=\"https:\/\/lodzbaluty.zhp.pl\/wp-content\/uploads\/2016\/02\/Harcerskie-Lato-500x500.png\" alt=\"Harcerskie Lato (500x500)\" width=\"500\" height=\"500\" \/><\/a><\/p>\n<p>&nbsp;<\/p>\n","protected":false},"excerpt":{"rendered":"<p>Znane s\u0105 ju\u017c terminy wyjazdu \u015brodowisk z naszego Hufca na obozy i kolonie w wakacje 2016 roku. Poni\u017cej przedstawiamy miejsca i terminy w jakich dane \u015brodowiska pojad\u0105 na ob\u00f3z: &nbsp; &nbsp; Dru\u017cyny Harcerskie ze Szczep\u00f3w Harcerskich (SH) im. Bohater\u00f3w Warszawy, SH &#8222;Gniazdo&#8221;, SH &#8222;Puszcza&#8221;, SH &#8222;Szare Szeregi&#8221; (wraz z Gromad\u0105 [&hellip;]<\/p>\n","protected":false},"author":17,"featured_media":1313,"comment_status":"closed","ping_status":"closed","sticky":false,"template":"","format":"standard","meta":[],"categories":[1],"tags":[],"_links":{"self":[{"href":"https:\/\/lodzbaluty.zhp.pl\/index.php?rest_route=\/wp\/v2\/posts\/1305"}],"collection":[{"href":"https:\/\/lodzbaluty.zhp.pl\/index.php?rest_route=\/wp\/v2\/posts"}],"about":[{"href":"https:\/\/lodzbaluty.zhp.pl\/index.php?rest_route=\/wp\/v2\/types\/post"}],"author":[{"embeddable":true,"href":"https:\/\/lodzbaluty.zhp.pl\/index.php?rest_route=\/wp\/v2\/users\/17"}],"replies":[{"embeddable":true,"href":"https:\/\/lodzbaluty.zhp.pl\/index.php?rest_route=%2Fwp%2Fv2%2Fcomments&post=1305"}],"version-history":[{"count":14,"href":"https:\/\/lodzbaluty.zhp.pl\/index.php?rest_route=\/wp\/v2\/posts\/1305\/revisions"}],"predecessor-version":[{"id":1351,"href":"https:\/\/lodzbaluty.zhp.pl\/index.php?rest_route=\/wp\/v2\/posts\/1305\/revisions\/1351"}],"wp:featuredmedia":[{"embeddable":true,"href":"https:\/\/lodzbaluty.zhp.pl\/index.php?rest_route=\/wp\/v2\/media\/1313"}],"wp:attachment":[{"href":"https:\/\/lodzbaluty.zhp.pl\/index.php?rest_route=%2Fwp%2Fv2%2Fmedia&parent=1305"}],"wp:term":[{"taxonomy":"category","embeddable":true,"href":"https:\/\/lodzbaluty.zhp.pl\/index.php?rest_route=%2Fwp%2Fv2%2Fcategories&post=1305"},{"taxonomy":"post_tag","embeddable":true,"href":"https:\/\/lodzbaluty.zhp.pl\/index.php?rest_route=%2Fwp%2Fv2%2Ftags&post=1305"}],"curies":[{"name":"wp","href":"https:\/\/api.w.org\/{rel}","templated":true}]}}